{"id":442,"date":"2017-11-07T16:42:05","date_gmt":"2017-11-07T18:42:05","guid":{"rendered":"http:\/\/deolhonosruralistas.com.br\/deolhonoparaguai\/?p=442"},"modified":"2018-11-29T17:54:54","modified_gmt":"2018-11-29T19:54:54","slug":"cartes-a-brasileiros-usem-e-abusem-do-paraguai","status":"publish","type":"post","link":"https:\/\/deolhonosruralistas.com.br\/deolhonoparaguai\/2017\/11\/07\/cartes-a-brasileiros-usem-e-abusem-do-paraguai\/","title":{"rendered":"Cartes a brasileiros: \u201cUsem e abusem do Paraguai\u201d"},"content":{"rendered":"<div class=\"col-right\"><\/p>\n<p><figure id=\"attachment_668\" aria-describedby=\"caption-attachment-668\" style=\"width: 595px\" class=\"wp-caption alignnone\"><img loading=\"lazy\" decoding=\"async\" class=\"wp-image-668 size-full\" src=\"http:\/\/deolhonosruralistas.com.br\/deolhonoparaguai\/wp-content\/uploads\/sites\/2\/2017\/10\/23435357_1615072648554330_1263556682_n.jpg\" alt=\"\" width=\"595\" height=\"363\" srcset=\"https:\/\/deolhonosruralistas.com.br\/deolhonoparaguai\/wp-content\/uploads\/sites\/2\/2017\/10\/23435357_1615072648554330_1263556682_n.jpg 595w, https:\/\/deolhonosruralistas.com.br\/deolhonoparaguai\/wp-content\/uploads\/sites\/2\/2017\/10\/23435357_1615072648554330_1263556682_n-300x183.jpg 300w\" sizes=\"auto, (max-width: 595px) 100vw, 595px\" \/><figcaption id=\"caption-attachment-668\" class=\"wp-caption-text\">Cartes com empres\u00e1rios: &#8220;Sintam-se em casa&#8221; (Foto: @PresidenciaPy)<\/figcaption><\/figure><\/p>\n<p><\/div>\n<p>\u201cUsem e abusem do Paraguai, porque, para mim, \u00e9 um momento inacredit\u00e1vel de oportunidades\u201d. A frase foi dita pelo presidente do Paraguai, Horacio Cartes, a empres\u00e1rios brasileiros, em 2014, quando recebeu representantes da Confedera\u00e7\u00e3o da Ind\u00fastria e do Com\u00e9rcio do Brasil (CNI). Durante a fala, Cartes intercalou trechos em portugu\u00eas com trechos em espanhol: \u201cTodo con Brasil, nada contra Brasil. Sintam-se em casa\u201d.<\/p>\n<p>O trecho sobre <a href=\"https:\/\/www.youtube.com\/watch?time_continue=27&amp;v=_HZ8jw8pmeE\">usar e abusar<\/a> foi repetido por quase todos os entrevistados pelo De Olho nos Ruralistas na elabora\u00e7\u00e3o desta s\u00e9rie de reportagens. S\u00f3 que ele n\u00e3o aponta apenas para o que aconteceu ap\u00f3s 2014. Sintetiza tamb\u00e9m o que vem ocorrendo h\u00e1 d\u00e9cadas no campo, como come\u00e7amos a mostrar na reportagem inicial: <a href=\"http:\/\/deolhonosruralistas.com.br\/deolhonoparaguai\/2017\/11\/06\/proprietarios-brasileiros-tem-14-das-terras-paraguaias\/\">\u201cPropriet\u00e1rios brasileiros t\u00eam 14% das terras paraguaias\u201d<\/a>.<\/p>\n<p>Os Estados Unidos ainda lideram os investimentos paraguaios, informa Gustavo Rojas, do Centro de An\u00e1lise da Economia Paraguaia. Mas o pa\u00eds estaria em retirada. \u201cO estoque de investimentos estadunidenses caiu 40%\u201d, analisa. \u201cO investimento brasileiro aumenta e, em cinco anos, vai passar a ser a principal origem do investimento estrangeiro\u201d.<\/p>\n<div class=\"col-right\"><\/p>\n<p><figure id=\"attachment_671\" aria-describedby=\"caption-attachment-671\" style=\"width: 470px\" class=\"wp-caption alignnone\"><img loading=\"lazy\" decoding=\"async\" class=\"wp-image-671 size-full\" src=\"http:\/\/deolhonosruralistas.com.br\/deolhonoparaguai\/wp-content\/uploads\/sites\/2\/2017\/11\/23361128_1615072651887663_1420003023_n.jpg\" alt=\"\" width=\"470\" height=\"330\" srcset=\"https:\/\/deolhonosruralistas.com.br\/deolhonoparaguai\/wp-content\/uploads\/sites\/2\/2017\/11\/23361128_1615072651887663_1420003023_n.jpg 470w, https:\/\/deolhonosruralistas.com.br\/deolhonoparaguai\/wp-content\/uploads\/sites\/2\/2017\/11\/23361128_1615072651887663_1420003023_n-300x211.jpg 300w\" sizes=\"auto, (max-width: 470px) 100vw, 470px\" \/><figcaption id=\"caption-attachment-671\" class=\"wp-caption-text\">Cartes em encontro com investidores brasileiros. (Foto: @PresidenciaPy)<\/figcaption><\/figure><\/p>\n<p><\/div>\n<p>Rojas conta que o Banco Nacional de Desenvolvimento Econ\u00f4mico e Social (BNDES) financia tratores e colheitadeiras para os agricultores brasileiros. \u201cO Paraguai \u00e9 o principal destino para as m\u00e1quinas agr\u00edcolas, junto com a Argentina\u201d, relata. O BNDES tamb\u00e9m financiou uma estrada, em 2003, ligando Gua\u00edra (PR) a Salto del Guair\u00e1, no Paraguai \u2013 de onde sai a Ruta 10, para Assun\u00e7\u00e3o.<\/p>\n<p>A ocupa\u00e7\u00e3o territorial ocorre, portanto, simultaneamente aos investimentos. E leva a assinatura direta de fazendeiros e empres\u00e1rios brasileiros. Muito embora o presidente Michel Temer \u2013 outro c\u00e9lebre perpetuador de gafes \u2013 j\u00e1 tenha confundido o nome do pa\u00eds vizinho: de Paraguai para <a href=\"http:\/\/hojeemdia.com.br\/primeiro-plano\/economia\/em-brinde-temer-comete-gafe-e-confunde-paraguai-com-portugal-1.553289\">Portugal<\/a>.<\/p>\n<p>Essa expans\u00e3o pode ser percebida tamb\u00e9m pelo avan\u00e7o das culturas, da soja \u00e0 cana, do arroz \u00e0 pecu\u00e1ria.<\/p>\n<h3>SOJA: S\u00cdMBOLO DO AVAN\u00c7O BRASILEIRO<\/h3>\n<div class=\"col-right\"><\/p>\n<p><figure id=\"attachment_669\" aria-describedby=\"caption-attachment-669\" style=\"width: 653px\" class=\"wp-caption alignnone\"><img loading=\"lazy\" decoding=\"async\" class=\"wp-image-669 size-full\" src=\"http:\/\/deolhonosruralistas.com.br\/deolhonoparaguai\/wp-content\/uploads\/sites\/2\/2017\/10\/23414573_1615072675220994_2090153214_n.jpg\" alt=\"\" width=\"653\" height=\"435\" srcset=\"https:\/\/deolhonosruralistas.com.br\/deolhonoparaguai\/wp-content\/uploads\/sites\/2\/2017\/10\/23414573_1615072675220994_2090153214_n.jpg 653w, https:\/\/deolhonosruralistas.com.br\/deolhonoparaguai\/wp-content\/uploads\/sites\/2\/2017\/10\/23414573_1615072675220994_2090153214_n-300x200.jpg 300w\" sizes=\"auto, (max-width: 653px) 100vw, 653px\" \/><figcaption id=\"caption-attachment-669\" class=\"wp-caption-text\">Cartes, Temer e as gafes (Foto: Antonio Cruz\/Ag\u00eancia Brasil)<\/figcaption><\/figure><\/p>\n<p><\/div>\n<p>A face mais conhecida desse avan\u00e7o \u00e9 a soja. N\u00e3o \u00e9 incomum os colonos brasileiros serem definidos como sojicultores. Cultivam mais que isso, mas a soja se destaca. Ela se soma ao milho, ao trigo e ao girassol, produzidos em rota\u00e7\u00e3o. Dados da C\u00e2mara Paraguaia de Comercializadores e Exportadores de Cereais (Capeco) mostram que a oleaginosa representa 12% do Produto Interno Bruto (PIB) paraguaio e 55% das exporta\u00e7\u00f5es.<\/p>\n<p>Segundo a Oxfam, o crescimento foi explosivo nas \u00faltimas tr\u00eas d\u00e9cadas. Per\u00edodo que coincide com o avan\u00e7o da coloniza\u00e7\u00e3o brasileira. A pesquisadora In\u00e9s Franceschelli menciona os <em>tratorazos<\/em> \u2013 em Assun\u00e7\u00e3o e outras regi\u00f5es \u2013 de sojicultores brasileiros como um dos exemplos dessa for\u00e7a. Outro exemplo \u00e9 o desrespeito \u00e0 lei que pro\u00edbe cultivos em uma regi\u00e3o fronteiri\u00e7a de 50 quil\u00f4metros, a Zona de La Seguridad Fronteriza. \u201cN\u00e3o se cumpre\u201d, ela resume.<\/p>\n<p>O avan\u00e7o brasileiro ocorreu principalmente a partir da fronteira com o Paran\u00e1. Tudo isso se passa na regi\u00e3o Oriental do pa\u00eds, ao leste do Rio Paraguai. A capital Assun\u00e7\u00e3o fica exatamente no in\u00edcio dessa regi\u00e3o, em uma das margens do rio. A oeste est\u00e1 o Chaco. O avan\u00e7o iniciado no extremo leste, na fronteira com o Brasil, se consolida por todos os departamentos, com mais ou menos intensidade.<\/p>\n<p>Dois departamentos fronteiri\u00e7os com o Paran\u00e1, Canindey\u00fa e Alto Paran\u00e1, contribu\u00edram com 46%, somados, da produ\u00e7\u00e3o paraguaia de soja em 2015, de 8,1 milh\u00e3o de toneladas, conforme os dados da Capeco. Tudo isso tem um impacto no territ\u00f3rio. Nos \u00faltimos 20 anos a \u00e1rea plantada de soja vem crescendo de forma constante, alcan\u00e7ando 3,38 milh\u00f5es de hectares na atual safra. Cerca de 8% da \u00e1rea total do Paraguai, de 40,68 milh\u00f5es de hectares.<\/p>\n<div class=\"col-fill\"><\/p>\n<p><img loading=\"lazy\" decoding=\"async\" class=\"alignnone size-full wp-image-665\" src=\"http:\/\/deolhonosruralistas.com.br\/deolhonoparaguai\/wp-content\/uploads\/sites\/2\/2017\/10\/info4.png\" alt=\"Evolu\u00e7\u00e3o da \u00e1rea plantada e da produ\u00e7\u00e3o comercial (1996-2017), com participa\u00e7\u00e3o direta de brasileiros\" width=\"1800\" height=\"1054\" srcset=\"https:\/\/deolhonosruralistas.com.br\/deolhonoparaguai\/wp-content\/uploads\/sites\/2\/2017\/10\/info4.png 1800w, https:\/\/deolhonosruralistas.com.br\/deolhonoparaguai\/wp-content\/uploads\/sites\/2\/2017\/10\/info4-300x176.png 300w, https:\/\/deolhonosruralistas.com.br\/deolhonoparaguai\/wp-content\/uploads\/sites\/2\/2017\/10\/info4-768x450.png 768w, https:\/\/deolhonosruralistas.com.br\/deolhonoparaguai\/wp-content\/uploads\/sites\/2\/2017\/10\/info4-1024x600.png 1024w\" sizes=\"auto, (max-width: 1800px) 100vw, 1800px\" \/><\/p>\n<p><\/div>\n<p><a href=\"http:\/\/deolhonosruralistas.com.br\/deolhonoparaguai\/tema\/fronteira\/\">Fronteiras<\/a> \u00e9 um dos seis grandes temas da s\u00e9rie <a href=\"http:\/\/deolhonosruralistas.com.br\/deolhonoparaguai\/\">De Olho no Paraguai<\/a>. Com seis reportagens \u2013 a partir do dia 12 de novembro \u2013 que mostram a marcha dos fazendeiros brasileiros para o Oeste, Norte e Sul do Paraguai.<\/p>\n<h3>E TEM A PECU\u00c1RIA, A CANA, O ARROZ&#8230;<\/h3>\n<p>A cultura da cana-de-a\u00e7\u00facar se prolifera no centro da regi\u00e3o Oriental, nos departamentos de Guair\u00e1, Paraguar\u00ed e Caaguaz\u00fa \u2013 que n\u00e3o fazem fronteira com o Brasil. Aqui vale um refor\u00e7o geogr\u00e1fico para os leitores brasileiros: a regi\u00e3o Oriental \u00e9 a mais populosa do Paraguai. \u00c9 ali, portanto, que mora a maioria dos colonos brasileiros. Ela se diferencia do Chaco por ter sido regi\u00e3o de Mata Atl\u00e2ntica \u2013 hoje quase totalmente desmatada.<\/p>\n<p>A pecu\u00e1ria j\u00e1 consolidada no Leste agora avan\u00e7a para o Oeste. O Chaco consiste na Regi\u00e3o Ocidental do Paraguai, a menos populosa, ambientalmente mais preservada e com maior popula\u00e7\u00e3o ind\u00edgena. Os pecuaristas brasileiros avan\u00e7am para o Chaco de v\u00e1rios pontos da regi\u00e3o Oriental, em particular do departamento de Concepci\u00f3n, mas tamb\u00e9m do Mato Grosso do Sul, pelo departamento de Alto Paraguay.<\/p>\n<div class=\"col-fill\"><\/p>\n<p><img loading=\"lazy\" decoding=\"async\" class=\"alignnone size-full wp-image-709\" src=\"http:\/\/deolhonosruralistas.com.br\/deolhonoparaguai\/wp-content\/uploads\/sites\/2\/2017\/11\/info3-2.png\" alt=\"Cultura agropecu\u00e1ria dos brasileiros no Paraguai muda conforme a regi\u00e3o \" width=\"1800\" height=\"1000\" srcset=\"https:\/\/deolhonosruralistas.com.br\/deolhonoparaguai\/wp-content\/uploads\/sites\/2\/2017\/11\/info3-2.png 1800w, https:\/\/deolhonosruralistas.com.br\/deolhonoparaguai\/wp-content\/uploads\/sites\/2\/2017\/11\/info3-2-300x167.png 300w, https:\/\/deolhonosruralistas.com.br\/deolhonoparaguai\/wp-content\/uploads\/sites\/2\/2017\/11\/info3-2-768x427.png 768w, https:\/\/deolhonosruralistas.com.br\/deolhonoparaguai\/wp-content\/uploads\/sites\/2\/2017\/11\/info3-2-1024x569.png 1024w\" sizes=\"auto, (max-width: 1800px) 100vw, 1800px\" \/><\/p>\n<p><\/div>\n<p>Essa vertente pecuarista ser\u00e1 descrita no cap\u00edtulo <a href=\"http:\/\/deolhonosruralistas.com.br\/deolhonoparaguai\/tema\/invasores-do-chaco\/\">Invasores do Chaco<\/a>. Com exemplos de brasileiros que protagonizam desmatamento e invas\u00e3o de terras ind\u00edgenas. Cada um desses movimentos dos fazendeiros brasileiros ser\u00e1 detalhado ao longo das 36 reportagens da s\u00e9rie. De Olho no Paraguai conta dezenas de casos de latifundi\u00e1rios brasileiros e empresas agropecu\u00e1rias atuantes nessas regi\u00f5es, a partir de um diferente card\u00e1pio de culturas.<\/p>\n<p>Como o sul do Paraguai, onde os brasileiros chegam para plantar arroz. Em departamentos como \u00d1eembuc\u00fa e Misiones, na fronteira com a Argentina. Detalhe: a produ\u00e7\u00e3o de arroz no Paraguai triplicou nos \u00faltimos seis anos. Como o Brasil \u00e9, desde 2014, o <a href=\"http:\/\/www.afnews.com.br\/arroz\/paraguai-passa-a-ser-o-principal-exportador-de-arroz-para-o-brasil.html\">maior importador<\/a> de arroz do pa\u00eds, trata-se, nesse caso, de uma l\u00f3gica econ\u00f4mica da barba, cabelo e bigode. Os brasileiros batem o escanteio e ao mesmo tempo cabeceiam. O goleiro \u00e9 aquele que diz <a href=\"https:\/\/www.youtube.com\/watch?time_continue=27&amp;v=_HZ8jw8pmeE\">\u201cusem e abusem\u201d<\/a>.<\/p>\n","protected":false},"excerpt":{"rendered":"<p>Gafe do presidente resume expans\u00e3o predadora pelos v\u00e1rios pontos do territ\u00f3rio; pelo Leste, h\u00e1 d\u00e9cadas, soja e outros gr\u00e3os; mais recentemente, o arroz no Sul e a pecu\u00e1ria no Chaco<\/p>\n","protected":false},"author":19,"featured_media":843,"comment_status":"open","ping_status":"open","sticky":false,"template":"","format":"image","meta":{"_acf_changed":false,"footnotes":""},"categories":[1],"tags":[],"class_list":["post-442","post","type-post","status-publish","format-image","has-post-thumbnail","hentry","category-subimperio","post_format-post-format-image"],"acf":[],"_links":{"self":[{"href":"https:\/\/deolhonosruralistas.com.br\/deolhonoparaguai\/wp-json\/wp\/v2\/posts\/442","targetHints":{"allow":["GET"]}}],"collection":[{"href":"https:\/\/deolhonosruralistas.com.br\/deolhonoparaguai\/wp-json\/wp\/v2\/posts"}],"about":[{"href":"https:\/\/deolhonosruralistas.com.br\/deolhonoparaguai\/wp-json\/wp\/v2\/types\/post"}],"author":[{"embeddable":true,"href":"https:\/\/deolhonosruralistas.com.br\/deolhonoparaguai\/wp-json\/wp\/v2\/users\/19"}],"replies":[{"embeddable":true,"href":"https:\/\/deolhonosruralistas.com.br\/deolhonoparaguai\/wp-json\/wp\/v2\/comments?post=442"}],"version-history":[{"count":1,"href":"https:\/\/deolhonosruralistas.com.br\/deolhonoparaguai\/wp-json\/wp\/v2\/posts\/442\/revisions"}],"predecessor-version":[{"id":1563,"href":"https:\/\/deolhonosruralistas.com.br\/deolhonoparaguai\/wp-json\/wp\/v2\/posts\/442\/revisions\/1563"}],"wp:featuredmedia":[{"embeddable":true,"href":"https:\/\/deolhonosruralistas.com.br\/deolhonoparaguai\/wp-json\/wp\/v2\/media\/843"}],"wp:attachment":[{"href":"https:\/\/deolhonosruralistas.com.br\/deolhonoparaguai\/wp-json\/wp\/v2\/media?parent=442"}],"wp:term":[{"taxonomy":"category","embeddable":true,"href":"https:\/\/deolhonosruralistas.com.br\/deolhonoparaguai\/wp-json\/wp\/v2\/categories?post=442"},{"taxonomy":"post_tag","embeddable":true,"href":"https:\/\/deolhonosruralistas.com.br\/deolhonoparaguai\/wp-json\/wp\/v2\/tags?post=442"}],"curies":[{"name":"wp","href":"https:\/\/api.w.org\/{rel}","templated":true}]}}